{"id":11949,"date":"2025-08-05T11:37:37","date_gmt":"2025-08-05T09:37:37","guid":{"rendered":"https:\/\/tourinbrazil.com\/carnaval-en-rio-de-janeiro-un-espectaculo-de-samba-y-cultura\/"},"modified":"2025-11-16T16:32:32","modified_gmt":"2025-11-16T15:32:32","slug":"carnaval-en-rio-de-janeiro-un-espectaculo-de-samba-y-cultura","status":"publish","type":"post","link":"https:\/\/tourinbrazil.com\/es\/carnaval-en-rio-de-janeiro-un-espectaculo-de-samba-y-cultura\/","title":{"rendered":"Carnaval en R\u00edo de Janeiro: Un Espect\u00e1culo de Samba y Cultura"},"content":{"rendered":"\n<p>Quand on pense au Br\u00e9sil, l&#8217;image du Carnaval \u00e0 Rio de Janeiro vient imm\u00e9diatement \u00e0 l&#8217;esprit. Cet \u00e9v\u00e9nement iconique n&#8217;est pas seulement un festival ; c&#8217;est une extravagance \u00e9blouissante qui capture l&#8217;esprit, l&#8217;\u00e9nergie et la culture vibrante de cette nation sud-am\u00e9ricaine. Le Carnaval de Rio est le plus grand et le plus c\u00e9l\u00e8bre de son genre au monde, attirant des millions de f\u00eatards et de spectateurs chaque ann\u00e9e. Plongeons dans la magie de cette c\u00e9l\u00e9bration extraordinaire.   <\/p>\n\n<p><strong>Une Grande C\u00e9l\u00e9bration de Tradition et de Diversit\u00e9<\/strong><\/p>\n\n<p>Le Carnaval \u00e0 Rio de Janeiro est un spectacle de plusieurs jours qui a g\u00e9n\u00e9ralement lieu en f\u00e9vrier, juste avant le Car\u00eame. C&#8217;est un moment o\u00f9 toute la ville s&#8217;anime avec une \u00e9nergie contagieuse et un sens de l&#8217;unit\u00e9. Le c\u0153ur du Carnaval est le Sambadrome, une avenue de d\u00e9fil\u00e9 construite \u00e0 cet effet o\u00f9 les \u00e9coles de samba, l&#8217;\u00e2me de la c\u00e9l\u00e9bration, pr\u00e9sentent leurs talents.  <\/p>\n\n<p>\u00c9coles de Samba : Le Battement de C\u0153ur du Carnaval<\/p>\n\n<p>Les \u00e9coles de samba sont plus que de simples troupes de danse ; ce sont des institutions enracin\u00e9es dans les communaut\u00e9s de Rio de Janeiro. Chaque \u00e9cole repr\u00e9sente un quartier particulier, et la comp\u00e9tition entre elles est f\u00e9roce. Des mois de pr\u00e9paration sont consacr\u00e9s \u00e0 l&#8217;\u00e9laboration de leurs th\u00e8mes de d\u00e9fil\u00e9, de leurs costumes et de leurs chor\u00e9graphies.  <\/p>\n\n<p><strong>Le D\u00e9fil\u00e9 de Samba : Une Extravagance Visuelle et Auditive<\/strong><\/p>\n\n<p>Le moment culminant du Carnaval est le D\u00e9fil\u00e9 de Samba, o\u00f9 les \u00e9coles de samba se disputent le championnat tant convoit\u00e9. Le Sambadrome s&#8217;anime au rythme envo\u00fbtant de la musique samba, tandis que des milliers d&#8217;artistes costum\u00e9s d\u00e9filent avec panache. Ces d\u00e9fil\u00e9s sont un m\u00e9lange \u00e9poustouflant d&#8217;art, de musique, de danse et de narration.<br\/>  <\/p>\n\n<p><strong>Costumes et Chars \u00c9labor\u00e9s<\/strong><\/p>\n\n<p>L&#8217;un des aspects les plus \u00e9blouissants du Carnaval est constitu\u00e9 par les costumes et les chars. \u00c9labor\u00e9es, color\u00e9es et souvent \u00e9normes, ces cr\u00e9ations sont des \u0153uvres d&#8217;art \u00e0 part enti\u00e8re. Les th\u00e8mes peuvent aller d&#8217;\u00e9v\u00e9nements historiques et de l\u00e9gendes \u00e0 des commentaires sociaux et politiques.<br\/>  <\/p>\n\n<p><strong>F\u00eates de Rue : Le Carnaval Au-del\u00e0 du Sambadrome<\/strong><\/p>\n\n<p>Bien que le Sambadrome soit la pi\u00e8ce ma\u00eetresse du Carnaval, les rues de Rio sont remplies de f\u00eates de rue vibrantes connues sous le nom de \u00abblocos\u00bb. Ces rassemblements spontan\u00e9s proposent de la <\/p>\n\n<p>musique live, de la danse et une ambiance joyeuse, ce qui permet aux habitants et aux touristes de se joindre facilement aux festivit\u00e9s.<\/p>\n\n<p><strong>Samba, Joie et Unit\u00e9<\/strong><\/p>\n\n<p>Le Carnaval \u00e0 Rio ne se limite pas aux superbes d\u00e9fil\u00e9s ou aux costumes \u00e9blouissants ; c&#8217;est une c\u00e9l\u00e9bration de l&#8217;identit\u00e9, de la culture et de l&#8217;unit\u00e9 br\u00e9siliennes. C&#8217;est un moment o\u00f9 des personnes de tous horizons se r\u00e9unissent pour se d\u00e9lecter de la joie de l&#8217;instant. La samba est le rythme qui bat au c\u0153ur du Br\u00e9sil et, pendant le Carnaval, elle trouve son expression ultime.  <\/p>\n\n<p><strong>Au-del\u00e0 de la F\u00eate : Une Exp\u00e9rience Culturelle<\/strong><\/p>\n\n<p>Bien que le Carnaval soit c\u00e9l\u00e8bre pour son ambiance de f\u00eate d\u00e9brid\u00e9e, c&#8217;est aussi l&#8217;occasion de d\u00e9couvrir la richesse de la culture et de l&#8217;histoire du Br\u00e9sil. Des influences africaines dans la musique et la danse samba aux traditions autochtones et portugaises, le Carnaval est le reflet de la tapisserie multiculturelle du Br\u00e9sil.<br\/> <\/p>\n\n<p>En conclusion, le Carnaval \u00e0 Rio de Janeiro est plus qu&#8217;un simple festival ; c&#8217;est un ph\u00e9nom\u00e8ne culturel qui c\u00e9l\u00e8bre le c\u0153ur et l&#8217;\u00e2me du Br\u00e9sil. C&#8217;est un moment de joie, d&#8217;unit\u00e9 et de spectacle in\u00e9gal\u00e9, et une exp\u00e9rience qui devrait figurer sur la liste des choses \u00e0 faire de tout voyageur. C&#8217;est l&#8217;occasion de voir le Br\u00e9sil \u00e0 son apog\u00e9e la plus color\u00e9e et exub\u00e9rante, un v\u00e9ritable t\u00e9moignage de l&#8217;esprit indomptable d&#8217;une nation.<br\/>  <\/p>\n\n<p><a href=\"https:\/\/tourinbrazil.com\/iguazu-falls-the-ultimate-guide-2\/\"><strong><a href=\"https:\/\/tourinbrazil.com\/iguazu-falls-the-ultimate-guide-2\/\">Pr\u00e9c\u00e9dent<\/a><\/strong><\/a><\/p>\n","protected":false},"excerpt":{"rendered":"<p>Cuando uno piensa en Brasil, la imagen del Carnaval en R\u00edo de Janeiro viene inmediatamente a la mente. Este evento ic\u00f3nico no es solo un festival; es un deslumbrante espect\u00e1culo que captura el esp\u00edritu, la energ\u00eda y la vibrante cultura de esta naci\u00f3n sudamericana. <\/p>\n","protected":false},"author":1,"featured_media":11942,"comment_status":"open","ping_status":"open","sticky":false,"template":"","format":"standard","meta":{"_joinchat":[],"footnotes":""},"categories":[191],"tags":[],"class_list":["post-11949","post","type-post","status-publish","format-standard","has-post-thumbnail","hentry","category-blog-di-viaggio"],"yoast_head":"<!-- This site is optimized with the Yoast SEO plugin v27.0 - https:\/\/yoast.com\/product\/yoast-seo-wordpress\/ -->\n<title>Carnaval en R\u00edo de Janeiro: Un Espect\u00e1culo de Samba y Cultura - Tour in Brazil<\/title>\n<meta name=\"robots\" content=\"index, follow, max-snippet:-1, max-image-preview:large, max-video-preview:-1\" \/>\n<link rel=\"canonical\" href=\"https:\/\/tourinbrazil.com\/es\/carnaval-en-rio-de-janeiro-un-espectaculo-de-samba-y-cultura\/\" \/>\n<meta property=\"og:locale\" content=\"es_ES\" \/>\n<meta property=\"og:type\" content=\"article\" \/>\n<meta property=\"og:title\" content=\"Carnaval en R\u00edo de Janeiro: Un Espect\u00e1culo de Samba y Cultura - Tour in Brazil\" \/>\n<meta property=\"og:description\" content=\"Cuando uno piensa en Brasil, la imagen del Carnaval en R\u00edo de Janeiro viene inmediatamente a la mente. Este evento ic\u00f3nico no es solo un festival; es un deslumbrante espect\u00e1culo que captura el esp\u00edritu, la energ\u00eda y la vibrante cultura de esta naci\u00f3n sudamericana.\" \/>\n<meta property=\"og:url\" content=\"https:\/\/tourinbrazil.com\/es\/carnaval-en-rio-de-janeiro-un-espectaculo-de-samba-y-cultura\/\" \/>\n<meta property=\"og:site_name\" content=\"Tour in Brazil\" \/>\n<meta property=\"article:published_time\" content=\"2025-08-05T09:37:37+00:00\" \/>\n<meta property=\"article:modified_time\" content=\"2025-11-16T15:32:32+00:00\" \/>\n<meta property=\"og:image\" content=\"https:\/\/tourinbrazil.com\/wp-content\/uploads\/2025\/07\/RJ-05Noronha-2-1024x683.jpg.webp\" \/>\n\t<meta property=\"og:image:width\" content=\"1024\" \/>\n\t<meta property=\"og:image:height\" content=\"683\" \/>\n\t<meta property=\"og:image:type\" content=\"image\/webp\" \/>\n<meta name=\"author\" content=\"jesslysmith\" \/>\n<meta name=\"twitter:card\" content=\"summary_large_image\" \/>\n<meta name=\"twitter:label1\" content=\"Escrito por\" \/>\n\t<meta name=\"twitter:data1\" content=\"jesslysmith\" \/>\n\t<meta name=\"twitter:label2\" content=\"Tiempo de lectura\" \/>\n\t<meta name=\"twitter:data2\" content=\"3 minutos\" \/>\n<script type=\"application\/ld+json\" class=\"yoast-schema-graph\">{\"@context\":\"https:\/\/schema.org\",\"@graph\":[{\"@type\":\"Article\",\"@id\":\"https:\/\/tourinbrazil.com\/es\/carnaval-en-rio-de-janeiro-un-espectaculo-de-samba-y-cultura\/#article\",\"isPartOf\":{\"@id\":\"https:\/\/tourinbrazil.com\/es\/carnaval-en-rio-de-janeiro-un-espectaculo-de-samba-y-cultura\/\"},\"author\":{\"name\":\"jesslysmith\",\"@id\":\"https:\/\/tourinbrazil.com\/es\/#\/schema\/person\/3cb222812d6f449f66dda2f990b4305c\"},\"headline\":\"Carnaval en R\u00edo de Janeiro: Un Espect\u00e1culo de Samba y Cultura\",\"datePublished\":\"2025-08-05T09:37:37+00:00\",\"dateModified\":\"2025-11-16T15:32:32+00:00\",\"mainEntityOfPage\":{\"@id\":\"https:\/\/tourinbrazil.com\/es\/carnaval-en-rio-de-janeiro-un-espectaculo-de-samba-y-cultura\/\"},\"wordCount\":720,\"commentCount\":0,\"publisher\":{\"@id\":\"https:\/\/tourinbrazil.com\/es\/#organization\"},\"image\":{\"@id\":\"https:\/\/tourinbrazil.com\/es\/carnaval-en-rio-de-janeiro-un-espectaculo-de-samba-y-cultura\/#primaryimage\"},\"thumbnailUrl\":\"https:\/\/tourinbrazil.com\/wp-content\/uploads\/2025\/07\/RJ-05Noronha-2-1024x683.jpg.webp\",\"articleSection\":[\"Blog di viaggio\"],\"inLanguage\":\"es\",\"potentialAction\":[{\"@type\":\"CommentAction\",\"name\":\"Comment\",\"target\":[\"https:\/\/tourinbrazil.com\/es\/carnaval-en-rio-de-janeiro-un-espectaculo-de-samba-y-cultura\/#respond\"]}]},{\"@type\":\"WebPage\",\"@id\":\"https:\/\/tourinbrazil.com\/es\/carnaval-en-rio-de-janeiro-un-espectaculo-de-samba-y-cultura\/\",\"url\":\"https:\/\/tourinbrazil.com\/es\/carnaval-en-rio-de-janeiro-un-espectaculo-de-samba-y-cultura\/\",\"name\":\"Carnaval en R\u00edo de Janeiro: Un Espect\u00e1culo de Samba y Cultura - Tour in Brazil\",\"isPartOf\":{\"@id\":\"https:\/\/tourinbrazil.com\/es\/#website\"},\"primaryImageOfPage\":{\"@id\":\"https:\/\/tourinbrazil.com\/es\/carnaval-en-rio-de-janeiro-un-espectaculo-de-samba-y-cultura\/#primaryimage\"},\"image\":{\"@id\":\"https:\/\/tourinbrazil.com\/es\/carnaval-en-rio-de-janeiro-un-espectaculo-de-samba-y-cultura\/#primaryimage\"},\"thumbnailUrl\":\"https:\/\/tourinbrazil.com\/wp-content\/uploads\/2025\/07\/RJ-05Noronha-2-1024x683.jpg.webp\",\"datePublished\":\"2025-08-05T09:37:37+00:00\",\"dateModified\":\"2025-11-16T15:32:32+00:00\",\"breadcrumb\":{\"@id\":\"https:\/\/tourinbrazil.com\/es\/carnaval-en-rio-de-janeiro-un-espectaculo-de-samba-y-cultura\/#breadcrumb\"},\"inLanguage\":\"es\",\"potentialAction\":[{\"@type\":\"ReadAction\",\"target\":[\"https:\/\/tourinbrazil.com\/es\/carnaval-en-rio-de-janeiro-un-espectaculo-de-samba-y-cultura\/\"]}]},{\"@type\":\"ImageObject\",\"inLanguage\":\"es\",\"@id\":\"https:\/\/tourinbrazil.com\/es\/carnaval-en-rio-de-janeiro-un-espectaculo-de-samba-y-cultura\/#primaryimage\",\"url\":\"https:\/\/tourinbrazil.com\/wp-content\/uploads\/2025\/07\/RJ-05Noronha-2-1024x683.jpg.webp\",\"contentUrl\":\"https:\/\/tourinbrazil.com\/wp-content\/uploads\/2025\/07\/RJ-05Noronha-2-1024x683.jpg.webp\",\"width\":1024,\"height\":683},{\"@type\":\"BreadcrumbList\",\"@id\":\"https:\/\/tourinbrazil.com\/es\/carnaval-en-rio-de-janeiro-un-espectaculo-de-samba-y-cultura\/#breadcrumb\",\"itemListElement\":[{\"@type\":\"ListItem\",\"position\":1,\"name\":\"In\u00edcio\",\"item\":\"https:\/\/tourinbrazil.com\/es\/\"},{\"@type\":\"ListItem\",\"position\":2,\"name\":\"Carnaval en R\u00edo de Janeiro: Un Espect\u00e1culo de Samba y Cultura\"}]},{\"@type\":\"WebSite\",\"@id\":\"https:\/\/tourinbrazil.com\/es\/#website\",\"url\":\"https:\/\/tourinbrazil.com\/es\/\",\"name\":\"Tour in Brazil\",\"description\":\"Enjoy your Best Travel\",\"publisher\":{\"@id\":\"https:\/\/tourinbrazil.com\/es\/#organization\"},\"alternateName\":\"Tour in Brazil\",\"potentialAction\":[{\"@type\":\"SearchAction\",\"target\":{\"@type\":\"EntryPoint\",\"urlTemplate\":\"https:\/\/tourinbrazil.com\/es\/?s={search_term_string}\"},\"query-input\":{\"@type\":\"PropertyValueSpecification\",\"valueRequired\":true,\"valueName\":\"search_term_string\"}}],\"inLanguage\":\"es\"},{\"@type\":\"Organization\",\"@id\":\"https:\/\/tourinbrazil.com\/es\/#organization\",\"name\":\"Tour in Brazil\",\"alternateName\":\"Tour in Brazil\",\"url\":\"https:\/\/tourinbrazil.com\/es\/\",\"logo\":{\"@type\":\"ImageObject\",\"inLanguage\":\"es\",\"@id\":\"https:\/\/tourinbrazil.com\/es\/#\/schema\/logo\/image\/\",\"url\":\"https:\/\/tourinbrazil.com\/wp-content\/uploads\/2025\/10\/icon-tour-atualizado.png\",\"contentUrl\":\"https:\/\/tourinbrazil.com\/wp-content\/uploads\/2025\/10\/icon-tour-atualizado.png\",\"width\":100,\"height\":146,\"caption\":\"Tour in Brazil\"},\"image\":{\"@id\":\"https:\/\/tourinbrazil.com\/es\/#\/schema\/logo\/image\/\"}},{\"@type\":\"Person\",\"@id\":\"https:\/\/tourinbrazil.com\/es\/#\/schema\/person\/3cb222812d6f449f66dda2f990b4305c\",\"name\":\"jesslysmith\",\"image\":{\"@type\":\"ImageObject\",\"inLanguage\":\"es\",\"@id\":\"https:\/\/tourinbrazil.com\/es\/#\/schema\/person\/image\/\",\"url\":\"https:\/\/tourinbrazil.com\/wp-content\/litespeed\/avatar\/285b78f61f11bf4a065ac8dc58fea7f1.jpg?ver=1776881710\",\"contentUrl\":\"https:\/\/tourinbrazil.com\/wp-content\/litespeed\/avatar\/285b78f61f11bf4a065ac8dc58fea7f1.jpg?ver=1776881710\",\"caption\":\"jesslysmith\"},\"sameAs\":[\"https:\/\/tourinbrazil.com\"]}]}<\/script>\n<!-- \/ Yoast SEO plugin. -->","yoast_head_json":{"title":"Carnaval en R\u00edo de Janeiro: Un Espect\u00e1culo de Samba y Cultura - Tour in Brazil","robots":{"index":"index","follow":"follow","max-snippet":"max-snippet:-1","max-image-preview":"max-image-preview:large","max-video-preview":"max-video-preview:-1"},"canonical":"https:\/\/tourinbrazil.com\/es\/carnaval-en-rio-de-janeiro-un-espectaculo-de-samba-y-cultura\/","og_locale":"es_ES","og_type":"article","og_title":"Carnaval en R\u00edo de Janeiro: Un Espect\u00e1culo de Samba y Cultura - Tour in Brazil","og_description":"Cuando uno piensa en Brasil, la imagen del Carnaval en R\u00edo de Janeiro viene inmediatamente a la mente. Este evento ic\u00f3nico no es solo un festival; es un deslumbrante espect\u00e1culo que captura el esp\u00edritu, la energ\u00eda y la vibrante cultura de esta naci\u00f3n sudamericana.","og_url":"https:\/\/tourinbrazil.com\/es\/carnaval-en-rio-de-janeiro-un-espectaculo-de-samba-y-cultura\/","og_site_name":"Tour in Brazil","article_published_time":"2025-08-05T09:37:37+00:00","article_modified_time":"2025-11-16T15:32:32+00:00","og_image":[{"width":1024,"height":683,"url":"https:\/\/tourinbrazil.com\/wp-content\/uploads\/2025\/07\/RJ-05Noronha-2-1024x683.jpg.webp","type":"image\/webp"}],"author":"jesslysmith","twitter_card":"summary_large_image","twitter_misc":{"Escrito por":"jesslysmith","Tiempo de lectura":"3 minutos"},"schema":{"@context":"https:\/\/schema.org","@graph":[{"@type":"Article","@id":"https:\/\/tourinbrazil.com\/es\/carnaval-en-rio-de-janeiro-un-espectaculo-de-samba-y-cultura\/#article","isPartOf":{"@id":"https:\/\/tourinbrazil.com\/es\/carnaval-en-rio-de-janeiro-un-espectaculo-de-samba-y-cultura\/"},"author":{"name":"jesslysmith","@id":"https:\/\/tourinbrazil.com\/es\/#\/schema\/person\/3cb222812d6f449f66dda2f990b4305c"},"headline":"Carnaval en R\u00edo de Janeiro: Un Espect\u00e1culo de Samba y Cultura","datePublished":"2025-08-05T09:37:37+00:00","dateModified":"2025-11-16T15:32:32+00:00","mainEntityOfPage":{"@id":"https:\/\/tourinbrazil.com\/es\/carnaval-en-rio-de-janeiro-un-espectaculo-de-samba-y-cultura\/"},"wordCount":720,"commentCount":0,"publisher":{"@id":"https:\/\/tourinbrazil.com\/es\/#organization"},"image":{"@id":"https:\/\/tourinbrazil.com\/es\/carnaval-en-rio-de-janeiro-un-espectaculo-de-samba-y-cultura\/#primaryimage"},"thumbnailUrl":"https:\/\/tourinbrazil.com\/wp-content\/uploads\/2025\/07\/RJ-05Noronha-2-1024x683.jpg.webp","articleSection":["Blog di viaggio"],"inLanguage":"es","potentialAction":[{"@type":"CommentAction","name":"Comment","target":["https:\/\/tourinbrazil.com\/es\/carnaval-en-rio-de-janeiro-un-espectaculo-de-samba-y-cultura\/#respond"]}]},{"@type":"WebPage","@id":"https:\/\/tourinbrazil.com\/es\/carnaval-en-rio-de-janeiro-un-espectaculo-de-samba-y-cultura\/","url":"https:\/\/tourinbrazil.com\/es\/carnaval-en-rio-de-janeiro-un-espectaculo-de-samba-y-cultura\/","name":"Carnaval en R\u00edo de Janeiro: Un Espect\u00e1culo de Samba y Cultura - Tour in Brazil","isPartOf":{"@id":"https:\/\/tourinbrazil.com\/es\/#website"},"primaryImageOfPage":{"@id":"https:\/\/tourinbrazil.com\/es\/carnaval-en-rio-de-janeiro-un-espectaculo-de-samba-y-cultura\/#primaryimage"},"image":{"@id":"https:\/\/tourinbrazil.com\/es\/carnaval-en-rio-de-janeiro-un-espectaculo-de-samba-y-cultura\/#primaryimage"},"thumbnailUrl":"https:\/\/tourinbrazil.com\/wp-content\/uploads\/2025\/07\/RJ-05Noronha-2-1024x683.jpg.webp","datePublished":"2025-08-05T09:37:37+00:00","dateModified":"2025-11-16T15:32:32+00:00","breadcrumb":{"@id":"https:\/\/tourinbrazil.com\/es\/carnaval-en-rio-de-janeiro-un-espectaculo-de-samba-y-cultura\/#breadcrumb"},"inLanguage":"es","potentialAction":[{"@type":"ReadAction","target":["https:\/\/tourinbrazil.com\/es\/carnaval-en-rio-de-janeiro-un-espectaculo-de-samba-y-cultura\/"]}]},{"@type":"ImageObject","inLanguage":"es","@id":"https:\/\/tourinbrazil.com\/es\/carnaval-en-rio-de-janeiro-un-espectaculo-de-samba-y-cultura\/#primaryimage","url":"https:\/\/tourinbrazil.com\/wp-content\/uploads\/2025\/07\/RJ-05Noronha-2-1024x683.jpg.webp","contentUrl":"https:\/\/tourinbrazil.com\/wp-content\/uploads\/2025\/07\/RJ-05Noronha-2-1024x683.jpg.webp","width":1024,"height":683},{"@type":"BreadcrumbList","@id":"https:\/\/tourinbrazil.com\/es\/carnaval-en-rio-de-janeiro-un-espectaculo-de-samba-y-cultura\/#breadcrumb","itemListElement":[{"@type":"ListItem","position":1,"name":"In\u00edcio","item":"https:\/\/tourinbrazil.com\/es\/"},{"@type":"ListItem","position":2,"name":"Carnaval en R\u00edo de Janeiro: Un Espect\u00e1culo de Samba y Cultura"}]},{"@type":"WebSite","@id":"https:\/\/tourinbrazil.com\/es\/#website","url":"https:\/\/tourinbrazil.com\/es\/","name":"Tour in Brazil","description":"Enjoy your Best Travel","publisher":{"@id":"https:\/\/tourinbrazil.com\/es\/#organization"},"alternateName":"Tour in Brazil","potentialAction":[{"@type":"SearchAction","target":{"@type":"EntryPoint","urlTemplate":"https:\/\/tourinbrazil.com\/es\/?s={search_term_string}"},"query-input":{"@type":"PropertyValueSpecification","valueRequired":true,"valueName":"search_term_string"}}],"inLanguage":"es"},{"@type":"Organization","@id":"https:\/\/tourinbrazil.com\/es\/#organization","name":"Tour in Brazil","alternateName":"Tour in Brazil","url":"https:\/\/tourinbrazil.com\/es\/","logo":{"@type":"ImageObject","inLanguage":"es","@id":"https:\/\/tourinbrazil.com\/es\/#\/schema\/logo\/image\/","url":"https:\/\/tourinbrazil.com\/wp-content\/uploads\/2025\/10\/icon-tour-atualizado.png","contentUrl":"https:\/\/tourinbrazil.com\/wp-content\/uploads\/2025\/10\/icon-tour-atualizado.png","width":100,"height":146,"caption":"Tour in Brazil"},"image":{"@id":"https:\/\/tourinbrazil.com\/es\/#\/schema\/logo\/image\/"}},{"@type":"Person","@id":"https:\/\/tourinbrazil.com\/es\/#\/schema\/person\/3cb222812d6f449f66dda2f990b4305c","name":"jesslysmith","image":{"@type":"ImageObject","inLanguage":"es","@id":"https:\/\/tourinbrazil.com\/es\/#\/schema\/person\/image\/","url":"https:\/\/tourinbrazil.com\/wp-content\/litespeed\/avatar\/285b78f61f11bf4a065ac8dc58fea7f1.jpg?ver=1776881710","contentUrl":"https:\/\/tourinbrazil.com\/wp-content\/litespeed\/avatar\/285b78f61f11bf4a065ac8dc58fea7f1.jpg?ver=1776881710","caption":"jesslysmith"},"sameAs":["https:\/\/tourinbrazil.com"]}]}},"_links":{"self":[{"href":"https:\/\/tourinbrazil.com\/es\/wp-json\/wp\/v2\/posts\/11949","targetHints":{"allow":["GET"]}}],"collection":[{"href":"https:\/\/tourinbrazil.com\/es\/wp-json\/wp\/v2\/posts"}],"about":[{"href":"https:\/\/tourinbrazil.com\/es\/wp-json\/wp\/v2\/types\/post"}],"author":[{"embeddable":true,"href":"https:\/\/tourinbrazil.com\/es\/wp-json\/wp\/v2\/users\/1"}],"replies":[{"embeddable":true,"href":"https:\/\/tourinbrazil.com\/es\/wp-json\/wp\/v2\/comments?post=11949"}],"version-history":[{"count":1,"href":"https:\/\/tourinbrazil.com\/es\/wp-json\/wp\/v2\/posts\/11949\/revisions"}],"predecessor-version":[{"id":11950,"href":"https:\/\/tourinbrazil.com\/es\/wp-json\/wp\/v2\/posts\/11949\/revisions\/11950"}],"wp:featuredmedia":[{"embeddable":true,"href":"https:\/\/tourinbrazil.com\/es\/wp-json\/wp\/v2\/media\/11942"}],"wp:attachment":[{"href":"https:\/\/tourinbrazil.com\/es\/wp-json\/wp\/v2\/media?parent=11949"}],"wp:term":[{"taxonomy":"category","embeddable":true,"href":"https:\/\/tourinbrazil.com\/es\/wp-json\/wp\/v2\/categories?post=11949"},{"taxonomy":"post_tag","embeddable":true,"href":"https:\/\/tourinbrazil.com\/es\/wp-json\/wp\/v2\/tags?post=11949"}],"curies":[{"name":"wp","href":"https:\/\/api.w.org\/{rel}","templated":true}]}}